{"id":1979,"date":"2025-12-18T08:37:15","date_gmt":"2025-12-18T08:37:15","guid":{"rendered":"https:\/\/wirsinddienstleister.de\/?p=1979"},"modified":"2025-12-18T08:37:16","modified_gmt":"2025-12-18T08:37:16","slug":"suad-alasani-verstaerkt-team-wsd","status":"publish","type":"post","link":"https:\/\/wirsinddienstleister.de\/?p=1979","title":{"rendered":"Suad Alasani verst\u00e4rkt Team WSD"},"content":{"rendered":"\n<p>Wir freuen uns, Ihnen mitteilen zu k\u00f6nnen, dass unser Team in der Geb\u00e4udereinigung durch einen neuen Mitarbeiter verst\u00e4rkt wurde. Mit 20 Jahren Erfahrung als Objektleiter in der Unterhaltreinigung bringt Suad Alasani (40) umfangreiche Fachkenntnisse und ein sympathisches Auftreten mit, das sowohl unsere Kunden als auch unsere Mitarbeiter sch\u00e4tzen werden. In unserem wachsenden Unternehmen wird er eine Schl\u00fcsselrolle bei der Optimierung unserer Dienstleistungen spielen. Wir sind \u00fcberzeugt, dass seine Expertise und sein Engagement ma\u00dfgeblich zu unserem Erfolg beitragen werden.<br><\/p>\n","protected":false},"excerpt":{"rendered":"<p>Wir freuen uns, Ihnen mitteilen zu k\u00f6nnen, dass unser Team in der Geb\u00e4udereinigung durch einen neuen Mitarbeiter verst\u00e4rkt wurde. Mit 20 Jahren Erfahrung als Objektleiter in der Unterhaltreinigung bringt Suad &#8230;<\/p>\n","protected":false},"author":1,"featured_media":1980,"comment_status":"closed","ping_status":"closed","sticky":false,"template":"","format":"standard","meta":{"_eb_attr":"","iawp_total_views":25,"footnotes":""},"categories":[17],"tags":[],"class_list":["post-1979","post","type-post","status-publish","format-standard","has-post-thumbnail","hentry","category-news"],"_links":{"self":[{"href":"https:\/\/wirsinddienstleister.de\/index.php?rest_route=\/wp\/v2\/posts\/1979","targetHints":{"allow":["GET"]}}],"collection":[{"href":"https:\/\/wirsinddienstleister.de\/index.php?rest_route=\/wp\/v2\/posts"}],"about":[{"href":"https:\/\/wirsinddienstleister.de\/index.php?rest_route=\/wp\/v2\/types\/post"}],"author":[{"embeddable":true,"href":"https:\/\/wirsinddienstleister.de\/index.php?rest_route=\/wp\/v2\/users\/1"}],"replies":[{"embeddable":true,"href":"https:\/\/wirsinddienstleister.de\/index.php?rest_route=%2Fwp%2Fv2%2Fcomments&post=1979"}],"version-history":[{"count":1,"href":"https:\/\/wirsinddienstleister.de\/index.php?rest_route=\/wp\/v2\/posts\/1979\/revisions"}],"predecessor-version":[{"id":1981,"href":"https:\/\/wirsinddienstleister.de\/index.php?rest_route=\/wp\/v2\/posts\/1979\/revisions\/1981"}],"wp:featuredmedia":[{"embeddable":true,"href":"https:\/\/wirsinddienstleister.de\/index.php?rest_route=\/wp\/v2\/media\/1980"}],"wp:attachment":[{"href":"https:\/\/wirsinddienstleister.de\/index.php?rest_route=%2Fwp%2Fv2%2Fmedia&parent=1979"}],"wp:term":[{"taxonomy":"category","embeddable":true,"href":"https:\/\/wirsinddienstleister.de\/index.php?rest_route=%2Fwp%2Fv2%2Fcategories&post=1979"},{"taxonomy":"post_tag","embeddable":true,"href":"https:\/\/wirsinddienstleister.de\/index.php?rest_route=%2Fwp%2Fv2%2Ftags&post=1979"}],"curies":[{"name":"wp","href":"https:\/\/api.w.org\/{rel}","templated":true}]}}